{"id":74,"date":"2014-01-13T17:28:09","date_gmt":"2014-01-13T16:28:09","guid":{"rendered":"http:\/\/www.coopfanin.it\/home\/comunita-nazarena\/"},"modified":"2014-01-13T17:28:09","modified_gmt":"2014-01-13T16:28:09","slug":"comunita-nazarena","status":"publish","type":"post","link":"https:\/\/lnx.coopfanin.it\/page\/comunita-nazarena\/","title":{"rendered":"Comunit\u00e0 Nazarena"},"content":{"rendered":"<h5 style=\"text-align: justify;\"><span style=\"font-weight: normal;\"><a href=\"http:\/\/www.coopfanin.it\/home\/contatti\/\"><img decoding=\"async\" style=\"float: left;\" src=\"http:\/\/www.coopfanin.it\/home\/wp-content\/uploads\/2012\/01\/sfondocomunitanazarena4.png\" alt=\"\" \/><\/a><\/span><\/h5>\n<p><em>La <strong><span style=\"color: #003366;\">Comunit\u00e0 Nazarena<\/span><\/strong> \u00e8 una struttura residenziale che accoglie donne sole con figli\/e minori segnalati dai servizi sociali, rispondendo alle necessit\u00e0 dei nuclei familiari di trovare una soluzione abitativa in un contesto educativo e socializzante, nell&#8217;ambito del quale ricostruire un progetto famigliare di vita positivo<\/em>. <strong><a href=\"http:\/\/www.coopfanin.it\/home\/comunita-nazarena-relazione-sulle-attivita-del-2016\/\" target=\"_blank\" rel=\"noopener\">LEGGI la relazione sulle attivit\u00e0 2016.<\/a><\/strong><\/p>\n<p>I dati sulle nuove forme di povert\u00e0 emergenti sul territorio regionale, infatti, segnalano la crescita significativa e preoccupante del fenomeno delle famiglie monoparentali, soprattutto donne sole con figli, con problematiche sul piano occupazionale, sociale ed economico.<\/p>\n<p><strong><span style=\"color: #003366;\">Per rispondere a questa emergenza occorrono nuovi sistemi di promozione sociale integrati, mirati e sperimentali, che rispondano ai bisogni globali delle persone e delle famiglie.<\/span><\/strong><\/p>\n<p>Nella Comunit\u00e0, che pu\u00f2 ospitare fino a 4 nuclei familiari (mamme con uno o pi\u00f9 figli\/e), \u00e8 garantita la presenza diurna e notturna di educatrici e operatori sociali coordinati da una responsabile, oltre al supporto di uno psicologo esterno con il ruolo di supervisore. Rispetto al territorio di San Giovanni in Persiceto sono attivi e consolidati i rapporti con la neuropsichiatria e il consultorio.<\/p>\n<p>La Comunit\u00e0 valorizza l\u2019integrazione tra diversi servizi a disposizione dei nuclei famigliari: la comunit\u00e0 residenziale, l\u2019asilo nido attivo presso la stessa struttura, percorsi di formazione e accompagnamento al lavoro, finalizzati a promuovere sinergicamente l\u2019autonomia delle mamme e favorirne la conciliazione dei tempi famigliari e lavorativi.<\/p>\n<h5 style=\"text-align: justify;\"><\/h5>\n\n<address>\u00a0<\/address>\n<address><span style=\"font-weight: normal;\"><b><span style=\"color: #018040;\">\u00a0<\/span><\/b><\/span><\/address>\n<address><span style=\"font-weight: normal;\"><b><span style=\"color: #018040;\">\u00a0<\/span><\/b><\/span><\/address>\n<address>\u00a0\u00a0<\/address>\n","protected":false},"excerpt":{"rendered":"<p>\t\t\t\tStruttura residenziale per donne sole con figli minori segnalati dai servizi sociali.\t\t<\/p>\n","protected":false},"author":2,"featured_media":650,"comment_status":"closed","ping_status":"open","sticky":false,"template":"","format":"standard","meta":{"_et_pb_use_builder":"","_et_pb_old_content":"","_et_gb_content_width":"","footnotes":""},"categories":[12],"tags":[7,249,250,8,251,252,253],"_links":{"self":[{"href":"https:\/\/lnx.coopfanin.it\/page\/wp-json\/wp\/v2\/posts\/74"}],"collection":[{"href":"https:\/\/lnx.coopfanin.it\/page\/wp-json\/wp\/v2\/posts"}],"about":[{"href":"https:\/\/lnx.coopfanin.it\/page\/wp-json\/wp\/v2\/types\/post"}],"author":[{"embeddable":true,"href":"https:\/\/lnx.coopfanin.it\/page\/wp-json\/wp\/v2\/users\/2"}],"replies":[{"embeddable":true,"href":"https:\/\/lnx.coopfanin.it\/page\/wp-json\/wp\/v2\/comments?post=74"}],"version-history":[{"count":0,"href":"https:\/\/lnx.coopfanin.it\/page\/wp-json\/wp\/v2\/posts\/74\/revisions"}],"wp:featuredmedia":[{"embeddable":true,"href":"https:\/\/lnx.coopfanin.it\/page\/wp-json\/"}],"wp:attachment":[{"href":"https:\/\/lnx.coopfanin.it\/page\/wp-json\/wp\/v2\/media?parent=74"}],"wp:term":[{"taxonomy":"category","embeddable":true,"href":"https:\/\/lnx.coopfanin.it\/page\/wp-json\/wp\/v2\/categories?post=74"},{"taxonomy":"post_tag","embeddable":true,"href":"https:\/\/lnx.coopfanin.it\/page\/wp-json\/wp\/v2\/tags?post=74"}],"curies":[{"name":"wp","href":"https:\/\/api.w.org\/{rel}","templated":true}]}}